{"id":5989,"date":"2025-01-18T20:27:07","date_gmt":"2025-01-18T19:27:07","guid":{"rendered":"https:\/\/dr-nabavi.de\/?p=5989"},"modified":"2025-04-02T18:09:27","modified_gmt":"2025-04-02T16:09:27","slug":"fragen-sie-den-beauty-doc-instyle-01-2025","status":"publish","type":"post","link":"https:\/\/dr-nabavi.de\/en\/2025\/01\/18\/fragen-sie-den-beauty-doc-instyle-01-2025\/","title":{"rendered":"Ask the beauty doc (InStyle 01\/2025)"},"content":{"rendered":"<div data-elementor-type=\"wp-post\" data-elementor-id=\"5989\" class=\"elementor elementor-5989\" data-elementor-post-type=\"post\">\n\t\t\t\t\t\t<section class=\"elementor-section elementor-top-section elementor-element elementor-element-ee9a8c3 elementor-section-height-min-height elementor-section-boxed elementor-section-height-default elementor-section-items-middle\" data-id=\"ee9a8c3\" data-element_type=\"section\" data-e-type=\"section\" data-settings=\"{&quot;background_background&quot;:&quot;classic&quot;}\">\n\t\t\t\t\t\t<div class=\"elementor-container elementor-column-gap-default\">\n\t\t\t\t\t<div class=\"elementor-column elementor-col-50 elementor-top-column elementor-element elementor-element-5a4f0d5\" data-id=\"5a4f0d5\" data-element_type=\"column\" data-e-type=\"column\">\n\t\t\t<div class=\"elementor-widget-wrap elementor-element-populated\">\n\t\t\t\t\t\t<div class=\"elementor-element elementor-element-74fee98 elementor-widget elementor-widget-heading\" data-id=\"74fee98\" data-element_type=\"widget\" data-e-type=\"widget\" data-widget_type=\"heading.default\">\n\t\t\t\t\t<h4 class=\"elementor-heading-title elementor-size-default\">News &amp; Press<\/h4>\t\t\t\t<\/div>\n\t\t\t\t<div class=\"elementor-element elementor-element-c3193bd elementor-widget elementor-widget-heading\" data-id=\"c3193bd\" data-element_type=\"widget\" data-e-type=\"widget\" data-widget_type=\"heading.default\">\n\t\t\t\t\t<h3 class=\"elementor-heading-title elementor-size-default\">News from Ballindamm<\/h3>\t\t\t\t<\/div>\n\t\t\t\t\t<\/div>\n\t\t<\/div>\n\t\t\t\t<div class=\"elementor-column elementor-col-50 elementor-top-column elementor-element elementor-element-ae56f23 elementor-hidden-mobile\" data-id=\"ae56f23\" data-element_type=\"column\" data-e-type=\"column\">\n\t\t\t<div class=\"elementor-widget-wrap\">\n\t\t\t\t\t\t\t<\/div>\n\t\t<\/div>\n\t\t\t\t\t<\/div>\n\t\t<\/section>\n\t\t\t\t<section class=\"elementor-section elementor-top-section elementor-element elementor-element-8a17754 elementor-section-boxed elementor-section-height-default elementor-section-height-default\" data-id=\"8a17754\" data-element_type=\"section\" data-e-type=\"section\" data-settings=\"{&quot;background_background&quot;:&quot;classic&quot;}\">\n\t\t\t\t\t\t<div class=\"elementor-container elementor-column-gap-default\">\n\t\t\t\t\t<div class=\"elementor-column elementor-col-100 elementor-top-column elementor-element elementor-element-ddf259a\" data-id=\"ddf259a\" data-element_type=\"column\" data-e-type=\"column\">\n\t\t\t<div class=\"elementor-widget-wrap elementor-element-populated\">\n\t\t\t\t\t\t<div class=\"elementor-element elementor-element-7284e33 elementor-widget elementor-widget-text-editor\" data-id=\"7284e33\" data-element_type=\"widget\" data-e-type=\"widget\" data-widget_type=\"text-editor.default\">\n\t\t\t\t\t\t\t\t\t<p><a href=\"http:\/\/dr-nabavi.de\/en\/news\/\">\u2190 back to overview<\/a><\/p>\t\t\t\t\t\t\t\t<\/div>\n\t\t\t\t<div class=\"elementor-element elementor-element-d594fd0 elementor-widget elementor-widget-heading\" data-id=\"d594fd0\" data-element_type=\"widget\" data-e-type=\"widget\" data-widget_type=\"heading.default\">\n\t\t\t\t\t<h2 class=\"elementor-heading-title elementor-size-default\">Ask the beauty doc (InStyle 01\/2025)<\/h2>\t\t\t\t<\/div>\n\t\t\t\t<div class=\"elementor-element elementor-element-34604c7 elementor-widget elementor-widget-heading\" data-id=\"34604c7\" data-element_type=\"widget\" data-e-type=\"widget\" data-widget_type=\"heading.default\">\n\t\t\t\t\t<h1 class=\"elementor-heading-title elementor-size-default\">What is a \"mini facelift\" and who is it suitable for?<\/h1>\t\t\t\t<\/div>\n\t\t\t\t<div class=\"elementor-element elementor-element-e8a97c1 elementor-widget elementor-widget-image\" data-id=\"e8a97c1\" data-element_type=\"widget\" data-e-type=\"widget\" data-widget_type=\"image.default\">\n\t\t\t\t\t\t\t\t\t\t\t\t\t\t\t<img decoding=\"async\" src=\"https:\/\/dr-nabavi.de\/wp-content\/uploads\/2023\/08\/dynamik-5.png?wsr\" title=\"dynamic-5\" alt=\"dynamik-5\" loading=\"lazy\" \/>\t\t\t\t\t\t\t\t\t\t\t\t\t\t\t<\/div>\n\t\t\t\t<section class=\"elementor-section elementor-inner-section elementor-element elementor-element-27f2adf elementor-section-boxed elementor-section-height-default elementor-section-height-default\" data-id=\"27f2adf\" data-element_type=\"section\" data-e-type=\"section\">\n\t\t\t\t\t\t<div class=\"elementor-container elementor-column-gap-default\">\n\t\t\t\t\t<div class=\"elementor-column elementor-col-50 elementor-inner-column elementor-element elementor-element-009f7d9\" data-id=\"009f7d9\" data-element_type=\"column\" data-e-type=\"column\">\n\t\t\t<div class=\"elementor-widget-wrap elementor-element-populated\">\n\t\t\t\t\t\t<div class=\"elementor-element elementor-element-b210d8c elementor-widget elementor-widget-image\" data-id=\"b210d8c\" data-element_type=\"widget\" data-e-type=\"widget\" data-widget_type=\"image.default\">\n\t\t\t\t\t\t\t\t\t\t\t\t\t\t\t<img decoding=\"async\" src=\"https:\/\/dr-nabavi.de\/wp-content\/uploads\/2025\/01\/instyle-2025-01-18_neda_nabavi.jpg?wsr\" title=\"instyle-2025-01-18_neda_nabavi\" alt=\"instyle-2025-01-18_neda_nabavi\" loading=\"lazy\" \/>\t\t\t\t\t\t\t\t\t\t\t\t\t\t\t<\/div>\n\t\t\t\t\t<\/div>\n\t\t<\/div>\n\t\t\t\t<div class=\"elementor-column elementor-col-50 elementor-inner-column elementor-element elementor-element-083bcbe\" data-id=\"083bcbe\" data-element_type=\"column\" data-e-type=\"column\">\n\t\t\t<div class=\"elementor-widget-wrap elementor-element-populated\">\n\t\t\t\t\t\t<div class=\"elementor-element elementor-element-f957cc7 elementor-widget elementor-widget-text-editor\" data-id=\"f957cc7\" data-element_type=\"widget\" data-e-type=\"widget\" data-widget_type=\"text-editor.default\">\n\t\t\t\t\t\t\t\t\t<p class=\"p1\" style=\"text-align: left;\">A mini facelift is a gentler version of the classic facelift. It is specifically aimed at correcting minor, age-related changes, particularly in the lower face. The focus is on tightening the cheeks and jawline by tightening and lifting the skin and underlying tissue through small incisions along the ears and hairline.<\/p><p class=\"p1\" style=\"text-align: left;\">It is important that the skin still has a certain basic elasticity so that the procedure can deliver good results. If the signs of ageing are already very pronounced and the excess skin is too severe, a classic facelift is often more suitable.<\/p><p class=\"p1\" style=\"text-align: left;\"><strong style=\"font-family: -apple-system, BlinkMacSystemFont, 'Segoe UI', Roboto, 'Helvetica Neue', Arial, 'Noto Sans', sans-serif, 'Apple Color Emoji', 'Segoe UI Emoji', 'Segoe UI Symbol', 'Noto Color Emoji';\">InStyle expert Dr Neda Nabavi<br \/><\/strong>Specialist for aesthetic and plastic surgery in Hamburg<\/p>\t\t\t\t\t\t\t\t<\/div>\n\t\t\t\t<div class=\"elementor-element elementor-element-6bbcfec elementor-align-left elementor-widget elementor-widget-button\" data-id=\"6bbcfec\" data-element_type=\"widget\" data-e-type=\"widget\" data-widget_type=\"button.default\">\n\t\t\t\t\t\t\t\t\t\t<a class=\"elementor-button elementor-button-link elementor-size-md\" href=\"https:\/\/dr-nabavi.de\/wp-content\/uploads\/2025\/01\/instyle-2025-01-18_neda_nabavi.pdf\" target=\"_blank\">\n\t\t\t\t\t\t<span class=\"elementor-button-content-wrapper\">\n\t\t\t\t\t\t\t\t\t<span class=\"elementor-button-text\">Download PDF<\/span>\n\t\t\t\t\t<\/span>\n\t\t\t\t\t<\/a>\n\t\t\t\t\t\t\t\t<\/div>\n\t\t\t\t\t<\/div>\n\t\t<\/div>\n\t\t\t\t\t<\/div>\n\t\t<\/section>\n\t\t\t\t\t<\/div>\n\t\t<\/div>\n\t\t\t\t\t<\/div>\n\t\t<\/section>\n\t\t\t\t<\/div>","protected":false},"excerpt":{"rendered":"<p>What is a \"mini facelift\" and<br \/>\nWho is it suitable for? The Beauty Doc can help!<\/p>","protected":false},"author":1,"featured_media":5992,"comment_status":"closed","ping_status":"closed","sticky":false,"template":"elementor_header_footer","format":"standard","meta":{"footnotes":""},"categories":[15],"tags":[],"class_list":["post-5989","post","type-post","status-publish","format-standard","has-post-thumbnail","hentry","category-beitraege-2025"],"yoast_head":"<!-- This site is optimized with the Yoast SEO Premium plugin v27.4 (Yoast SEO v27.4) - https:\/\/yoast.com\/product\/yoast-seo-premium-wordpress\/ -->\n<title>InStyle Beauty-Doc: Mini-Facelift f\u00fcr straffere Haut - Dr. Neda Nabavi<\/title>\n<meta name=\"description\" content=\"Dr. Neda Nabavi erkl\u00e4rt, wie ein Mini-Facelift die Wangen und Kieferpartie strafft und altersbedingte Ver\u00e4nderungen korrigiert.\" \/>\n<meta name=\"robots\" content=\"index, follow, max-snippet:-1, max-image-preview:large, max-video-preview:-1\" \/>\n<link rel=\"canonical\" href=\"https:\/\/dr-nabavi.de\/en\/2025\/01\/18\/fragen-sie-den-beauty-doc-instyle-01-2025\/\" \/>\n<meta property=\"og:locale\" content=\"en_GB\" \/>\n<meta property=\"og:type\" content=\"article\" \/>\n<meta property=\"og:title\" content=\"Fragen Sie den Beauty-Doc (InStyle 01\/2025)\" \/>\n<meta property=\"og:description\" content=\"Dr. Neda Nabavi erkl\u00e4rt, wie ein Mini-Facelift die Wangen und Kieferpartie strafft und altersbedingte Ver\u00e4nderungen korrigiert.\" \/>\n<meta property=\"og:url\" content=\"https:\/\/dr-nabavi.de\/en\/2025\/01\/18\/fragen-sie-den-beauty-doc-instyle-01-2025\/\" \/>\n<meta property=\"og:site_name\" content=\"Dr. Neda Nabavi\" \/>\n<meta property=\"article:published_time\" content=\"2025-01-18T19:27:07+00:00\" \/>\n<meta property=\"article:modified_time\" content=\"2025-04-02T16:09:27+00:00\" \/>\n<meta property=\"og:image\" content=\"https:\/\/dr-nabavi.de\/wp-content\/uploads\/2025\/01\/instyle-2025-01-18_neda_nabavi.jpg?wsr\" \/>\n\t<meta property=\"og:image:width\" content=\"1600\" \/>\n\t<meta property=\"og:image:height\" content=\"1067\" \/>\n\t<meta property=\"og:image:type\" content=\"image\/jpeg\" \/>\n<meta name=\"author\" content=\"wp_nabavi\" \/>\n<meta name=\"twitter:card\" content=\"summary_large_image\" \/>\n<meta name=\"twitter:label1\" content=\"Written by\" \/>\n\t<meta name=\"twitter:data1\" content=\"wp_nabavi\" \/>\n\t<meta name=\"twitter:label2\" content=\"Estimated reading time\" \/>\n\t<meta name=\"twitter:data2\" content=\"2 minutes\" \/>\n<script type=\"application\/ld+json\" class=\"yoast-schema-graph\">{\"@context\":\"https:\\\/\\\/schema.org\",\"@graph\":[{\"@type\":\"Article\",\"@id\":\"https:\\\/\\\/dr-nabavi.de\\\/2025\\\/01\\\/18\\\/fragen-sie-den-beauty-doc-instyle-01-2025\\\/#article\",\"isPartOf\":{\"@id\":\"https:\\\/\\\/dr-nabavi.de\\\/2025\\\/01\\\/18\\\/fragen-sie-den-beauty-doc-instyle-01-2025\\\/\"},\"author\":{\"name\":\"wp_nabavi\",\"@id\":\"https:\\\/\\\/dr-nabavi.de\\\/#\\\/schema\\\/person\\\/e9de66adea6a7361c4ca597e8f5a481f\"},\"headline\":\"Fragen Sie den Beauty-Doc (InStyle 01\\\/2025)\",\"datePublished\":\"2025-01-18T19:27:07+00:00\",\"dateModified\":\"2025-04-02T16:09:27+00:00\",\"mainEntityOfPage\":{\"@id\":\"https:\\\/\\\/dr-nabavi.de\\\/2025\\\/01\\\/18\\\/fragen-sie-den-beauty-doc-instyle-01-2025\\\/\"},\"wordCount\":146,\"publisher\":{\"@id\":\"https:\\\/\\\/dr-nabavi.de\\\/#organization\"},\"image\":{\"@id\":\"https:\\\/\\\/dr-nabavi.de\\\/2025\\\/01\\\/18\\\/fragen-sie-den-beauty-doc-instyle-01-2025\\\/#primaryimage\"},\"thumbnailUrl\":\"https:\\\/\\\/dr-nabavi.de\\\/wp-content\\\/uploads\\\/2025\\\/01\\\/instyle-2025-01-18_neda_nabavi.jpg?wsr\",\"articleSection\":[\"Beitr\u00e4ge 2025\"],\"inLanguage\":\"en-GB\"},{\"@type\":\"WebPage\",\"@id\":\"https:\\\/\\\/dr-nabavi.de\\\/2025\\\/01\\\/18\\\/fragen-sie-den-beauty-doc-instyle-01-2025\\\/\",\"url\":\"https:\\\/\\\/dr-nabavi.de\\\/2025\\\/01\\\/18\\\/fragen-sie-den-beauty-doc-instyle-01-2025\\\/\",\"name\":\"InStyle Beauty-Doc: Mini-Facelift f\u00fcr straffere Haut - Dr. Neda Nabavi\",\"isPartOf\":{\"@id\":\"https:\\\/\\\/dr-nabavi.de\\\/#website\"},\"primaryImageOfPage\":{\"@id\":\"https:\\\/\\\/dr-nabavi.de\\\/2025\\\/01\\\/18\\\/fragen-sie-den-beauty-doc-instyle-01-2025\\\/#primaryimage\"},\"image\":{\"@id\":\"https:\\\/\\\/dr-nabavi.de\\\/2025\\\/01\\\/18\\\/fragen-sie-den-beauty-doc-instyle-01-2025\\\/#primaryimage\"},\"thumbnailUrl\":\"https:\\\/\\\/dr-nabavi.de\\\/wp-content\\\/uploads\\\/2025\\\/01\\\/instyle-2025-01-18_neda_nabavi.jpg?wsr\",\"datePublished\":\"2025-01-18T19:27:07+00:00\",\"dateModified\":\"2025-04-02T16:09:27+00:00\",\"description\":\"Dr. Neda Nabavi erkl\u00e4rt, wie ein Mini-Facelift die Wangen und Kieferpartie strafft und altersbedingte Ver\u00e4nderungen korrigiert.\",\"breadcrumb\":{\"@id\":\"https:\\\/\\\/dr-nabavi.de\\\/2025\\\/01\\\/18\\\/fragen-sie-den-beauty-doc-instyle-01-2025\\\/#breadcrumb\"},\"inLanguage\":\"en-GB\",\"potentialAction\":[{\"@type\":\"ReadAction\",\"target\":[\"https:\\\/\\\/dr-nabavi.de\\\/2025\\\/01\\\/18\\\/fragen-sie-den-beauty-doc-instyle-01-2025\\\/\"]}]},{\"@type\":\"ImageObject\",\"inLanguage\":\"en-GB\",\"@id\":\"https:\\\/\\\/dr-nabavi.de\\\/2025\\\/01\\\/18\\\/fragen-sie-den-beauty-doc-instyle-01-2025\\\/#primaryimage\",\"url\":\"https:\\\/\\\/dr-nabavi.de\\\/wp-content\\\/uploads\\\/2025\\\/01\\\/instyle-2025-01-18_neda_nabavi.jpg?wsr\",\"contentUrl\":\"https:\\\/\\\/dr-nabavi.de\\\/wp-content\\\/uploads\\\/2025\\\/01\\\/instyle-2025-01-18_neda_nabavi.jpg?wsr\",\"width\":1600,\"height\":1067},{\"@type\":\"BreadcrumbList\",\"@id\":\"https:\\\/\\\/dr-nabavi.de\\\/2025\\\/01\\\/18\\\/fragen-sie-den-beauty-doc-instyle-01-2025\\\/#breadcrumb\",\"itemListElement\":[{\"@type\":\"ListItem\",\"position\":1,\"name\":\"Startseite\",\"item\":\"https:\\\/\\\/dr-nabavi.de\\\/\"},{\"@type\":\"ListItem\",\"position\":2,\"name\":\"Fragen Sie den Beauty-Doc (InStyle 01\\\/2025)\"}]},{\"@type\":\"WebSite\",\"@id\":\"https:\\\/\\\/dr-nabavi.de\\\/#website\",\"url\":\"https:\\\/\\\/dr-nabavi.de\\\/\",\"name\":\"dr-nabavi.de\",\"description\":\"Fach\u00e4rztin f\u00fcr Plastische und \u00c4sthetische Chirurgie Hamburg\",\"publisher\":{\"@id\":\"https:\\\/\\\/dr-nabavi.de\\\/#organization\"},\"potentialAction\":[{\"@type\":\"SearchAction\",\"target\":{\"@type\":\"EntryPoint\",\"urlTemplate\":\"https:\\\/\\\/dr-nabavi.de\\\/?s={search_term_string}\"},\"query-input\":{\"@type\":\"PropertyValueSpecification\",\"valueRequired\":true,\"valueName\":\"search_term_string\"}}],\"inLanguage\":\"en-GB\"},{\"@type\":\"Organization\",\"@id\":\"https:\\\/\\\/dr-nabavi.de\\\/#organization\",\"name\":\"Praxis f\u00fcr Plastische und \u00c4sthetische Chirurgie Dr. Neda Nabavi\",\"url\":\"https:\\\/\\\/dr-nabavi.de\\\/\",\"logo\":{\"@type\":\"ImageObject\",\"inLanguage\":\"en-GB\",\"@id\":\"https:\\\/\\\/dr-nabavi.de\\\/#\\\/schema\\\/logo\\\/image\\\/\",\"url\":\"http:\\\/\\\/dr-nabavi.de\\\/wp-content\\\/uploads\\\/2023\\\/08\\\/logo_nabavi.svg\",\"contentUrl\":\"http:\\\/\\\/dr-nabavi.de\\\/wp-content\\\/uploads\\\/2023\\\/08\\\/logo_nabavi.svg\",\"width\":421,\"height\":109,\"caption\":\"Praxis f\u00fcr Plastische und \u00c4sthetische Chirurgie Dr. Neda Nabavi\"},\"image\":{\"@id\":\"https:\\\/\\\/dr-nabavi.de\\\/#\\\/schema\\\/logo\\\/image\\\/\"},\"sameAs\":[\"https:\\\/\\\/www.instagram.com\\\/dr.nedanabavi\\\/\"]},{\"@type\":\"Person\",\"@id\":\"https:\\\/\\\/dr-nabavi.de\\\/#\\\/schema\\\/person\\\/e9de66adea6a7361c4ca597e8f5a481f\",\"name\":\"wp_nabavi\",\"sameAs\":[\"http:\\\/\\\/dr-nabavi.de\"],\"url\":\"https:\\\/\\\/dr-nabavi.de\\\/en\\\/author\\\/wp_nabavi\\\/\"}]}<\/script>\n<!-- \/ Yoast SEO Premium plugin. -->","yoast_head_json":{"title":"InStyle Beauty-Doc: Mini-Facelift f\u00fcr straffere Haut - Dr. Neda Nabavi","description":"Dr. Neda Nabavi erkl\u00e4rt, wie ein Mini-Facelift die Wangen und Kieferpartie strafft und altersbedingte Ver\u00e4nderungen korrigiert.","robots":{"index":"index","follow":"follow","max-snippet":"max-snippet:-1","max-image-preview":"max-image-preview:large","max-video-preview":"max-video-preview:-1"},"canonical":"https:\/\/dr-nabavi.de\/en\/2025\/01\/18\/fragen-sie-den-beauty-doc-instyle-01-2025\/","og_locale":"en_GB","og_type":"article","og_title":"Fragen Sie den Beauty-Doc (InStyle 01\/2025)","og_description":"Dr. Neda Nabavi erkl\u00e4rt, wie ein Mini-Facelift die Wangen und Kieferpartie strafft und altersbedingte Ver\u00e4nderungen korrigiert.","og_url":"https:\/\/dr-nabavi.de\/en\/2025\/01\/18\/fragen-sie-den-beauty-doc-instyle-01-2025\/","og_site_name":"Dr. Neda Nabavi","article_published_time":"2025-01-18T19:27:07+00:00","article_modified_time":"2025-04-02T16:09:27+00:00","og_image":[{"width":1600,"height":1067,"url":"https:\/\/dr-nabavi.de\/wp-content\/uploads\/2025\/01\/instyle-2025-01-18_neda_nabavi.jpg?wsr","type":"image\/jpeg"}],"author":"wp_nabavi","twitter_card":"summary_large_image","twitter_misc":{"Written by":"wp_nabavi","Estimated reading time":"2 minutes"},"schema":{"@context":"https:\/\/schema.org","@graph":[{"@type":"Article","@id":"https:\/\/dr-nabavi.de\/2025\/01\/18\/fragen-sie-den-beauty-doc-instyle-01-2025\/#article","isPartOf":{"@id":"https:\/\/dr-nabavi.de\/2025\/01\/18\/fragen-sie-den-beauty-doc-instyle-01-2025\/"},"author":{"name":"wp_nabavi","@id":"https:\/\/dr-nabavi.de\/#\/schema\/person\/e9de66adea6a7361c4ca597e8f5a481f"},"headline":"Fragen Sie den Beauty-Doc (InStyle 01\/2025)","datePublished":"2025-01-18T19:27:07+00:00","dateModified":"2025-04-02T16:09:27+00:00","mainEntityOfPage":{"@id":"https:\/\/dr-nabavi.de\/2025\/01\/18\/fragen-sie-den-beauty-doc-instyle-01-2025\/"},"wordCount":146,"publisher":{"@id":"https:\/\/dr-nabavi.de\/#organization"},"image":{"@id":"https:\/\/dr-nabavi.de\/2025\/01\/18\/fragen-sie-den-beauty-doc-instyle-01-2025\/#primaryimage"},"thumbnailUrl":"https:\/\/dr-nabavi.de\/wp-content\/uploads\/2025\/01\/instyle-2025-01-18_neda_nabavi.jpg?wsr","articleSection":["Beitr\u00e4ge 2025"],"inLanguage":"en-GB"},{"@type":"WebPage","@id":"https:\/\/dr-nabavi.de\/2025\/01\/18\/fragen-sie-den-beauty-doc-instyle-01-2025\/","url":"https:\/\/dr-nabavi.de\/2025\/01\/18\/fragen-sie-den-beauty-doc-instyle-01-2025\/","name":"InStyle Beauty-Doc: Mini-Facelift f\u00fcr straffere Haut - Dr. Neda Nabavi","isPartOf":{"@id":"https:\/\/dr-nabavi.de\/#website"},"primaryImageOfPage":{"@id":"https:\/\/dr-nabavi.de\/2025\/01\/18\/fragen-sie-den-beauty-doc-instyle-01-2025\/#primaryimage"},"image":{"@id":"https:\/\/dr-nabavi.de\/2025\/01\/18\/fragen-sie-den-beauty-doc-instyle-01-2025\/#primaryimage"},"thumbnailUrl":"https:\/\/dr-nabavi.de\/wp-content\/uploads\/2025\/01\/instyle-2025-01-18_neda_nabavi.jpg?wsr","datePublished":"2025-01-18T19:27:07+00:00","dateModified":"2025-04-02T16:09:27+00:00","description":"Dr. Neda Nabavi erkl\u00e4rt, wie ein Mini-Facelift die Wangen und Kieferpartie strafft und altersbedingte Ver\u00e4nderungen korrigiert.","breadcrumb":{"@id":"https:\/\/dr-nabavi.de\/2025\/01\/18\/fragen-sie-den-beauty-doc-instyle-01-2025\/#breadcrumb"},"inLanguage":"en-GB","potentialAction":[{"@type":"ReadAction","target":["https:\/\/dr-nabavi.de\/2025\/01\/18\/fragen-sie-den-beauty-doc-instyle-01-2025\/"]}]},{"@type":"ImageObject","inLanguage":"en-GB","@id":"https:\/\/dr-nabavi.de\/2025\/01\/18\/fragen-sie-den-beauty-doc-instyle-01-2025\/#primaryimage","url":"https:\/\/dr-nabavi.de\/wp-content\/uploads\/2025\/01\/instyle-2025-01-18_neda_nabavi.jpg?wsr","contentUrl":"https:\/\/dr-nabavi.de\/wp-content\/uploads\/2025\/01\/instyle-2025-01-18_neda_nabavi.jpg?wsr","width":1600,"height":1067},{"@type":"BreadcrumbList","@id":"https:\/\/dr-nabavi.de\/2025\/01\/18\/fragen-sie-den-beauty-doc-instyle-01-2025\/#breadcrumb","itemListElement":[{"@type":"ListItem","position":1,"name":"Startseite","item":"https:\/\/dr-nabavi.de\/"},{"@type":"ListItem","position":2,"name":"Fragen Sie den Beauty-Doc (InStyle 01\/2025)"}]},{"@type":"WebSite","@id":"https:\/\/dr-nabavi.de\/#website","url":"https:\/\/dr-nabavi.de\/","name":"dr-nabavi.de","description":"Specialist in plastic and aesthetic surgery Hamburg","publisher":{"@id":"https:\/\/dr-nabavi.de\/#organization"},"potentialAction":[{"@type":"SearchAction","target":{"@type":"EntryPoint","urlTemplate":"https:\/\/dr-nabavi.de\/?s={search_term_string}"},"query-input":{"@type":"PropertyValueSpecification","valueRequired":true,"valueName":"search_term_string"}}],"inLanguage":"en-GB"},{"@type":"Organization","@id":"https:\/\/dr-nabavi.de\/#organization","name":"Practice for Plastic and Aesthetic Surgery Dr Neda Nabavi","url":"https:\/\/dr-nabavi.de\/","logo":{"@type":"ImageObject","inLanguage":"en-GB","@id":"https:\/\/dr-nabavi.de\/#\/schema\/logo\/image\/","url":"http:\/\/dr-nabavi.de\/wp-content\/uploads\/2023\/08\/logo_nabavi.svg","contentUrl":"http:\/\/dr-nabavi.de\/wp-content\/uploads\/2023\/08\/logo_nabavi.svg","width":421,"height":109,"caption":"Praxis f\u00fcr Plastische und \u00c4sthetische Chirurgie Dr. Neda Nabavi"},"image":{"@id":"https:\/\/dr-nabavi.de\/#\/schema\/logo\/image\/"},"sameAs":["https:\/\/www.instagram.com\/dr.nedanabavi\/"]},{"@type":"Person","@id":"https:\/\/dr-nabavi.de\/#\/schema\/person\/e9de66adea6a7361c4ca597e8f5a481f","name":"wp_nabavi","sameAs":["http:\/\/dr-nabavi.de"],"url":"https:\/\/dr-nabavi.de\/en\/author\/wp_nabavi\/"}]}},"_links":{"self":[{"href":"https:\/\/dr-nabavi.de\/en\/wp-json\/wp\/v2\/posts\/5989","targetHints":{"allow":["GET"]}}],"collection":[{"href":"https:\/\/dr-nabavi.de\/en\/wp-json\/wp\/v2\/posts"}],"about":[{"href":"https:\/\/dr-nabavi.de\/en\/wp-json\/wp\/v2\/types\/post"}],"author":[{"embeddable":true,"href":"https:\/\/dr-nabavi.de\/en\/wp-json\/wp\/v2\/users\/1"}],"replies":[{"embeddable":true,"href":"https:\/\/dr-nabavi.de\/en\/wp-json\/wp\/v2\/comments?post=5989"}],"version-history":[{"count":10,"href":"https:\/\/dr-nabavi.de\/en\/wp-json\/wp\/v2\/posts\/5989\/revisions"}],"predecessor-version":[{"id":6008,"href":"https:\/\/dr-nabavi.de\/en\/wp-json\/wp\/v2\/posts\/5989\/revisions\/6008"}],"wp:featuredmedia":[{"embeddable":true,"href":"https:\/\/dr-nabavi.de\/en\/wp-json\/wp\/v2\/media\/5992"}],"wp:attachment":[{"href":"https:\/\/dr-nabavi.de\/en\/wp-json\/wp\/v2\/media?parent=5989"}],"wp:term":[{"taxonomy":"category","embeddable":true,"href":"https:\/\/dr-nabavi.de\/en\/wp-json\/wp\/v2\/categories?post=5989"},{"taxonomy":"post_tag","embeddable":true,"href":"https:\/\/dr-nabavi.de\/en\/wp-json\/wp\/v2\/tags?post=5989"}],"curies":[{"name":"wp","href":"https:\/\/api.w.org\/{rel}","templated":true}]}}